{"id":1169,"date":"2013-04-22T10:10:23","date_gmt":"2013-04-22T10:10:23","guid":{"rendered":"http:\/\/www.ener-gie.de\/?p=1169"},"modified":"2013-04-22T10:11:31","modified_gmt":"2013-04-22T10:11:31","slug":"1169","status":"publish","type":"post","link":"https:\/\/www.ener-gie.de\/?p=1169","title":{"rendered":"Vollendete Gegenwart &#8230;"},"content":{"rendered":"<p>Liebe Freunde,<\/p>\n<p>hier bitte ich um Eure Aufmerksamkeit f\u00fcr eine Nachricht von Anna Ramona Mayer und Martina Susanne Klein.<br \/>\nDer Sinn dieser Art der Sprache ist die Zentrierung in der Gegenwart, indem vergangenes in der vollkommenen Vergangenheitsform gesprochen wird.<!--more--> Anfangs nicht leicht zu verstehen, aber ich halte diese Idee f\u00fcr sehr m\u00e4chtig, da Sprache manifestiert!<\/p>\n<p align=\"center\"><strong><span style=\"color: #c0504d; font-family: Comic Sans MS; font-size: small;\">&#8230;&#8230;.<\/span><\/strong><\/p>\n<p align=\"center\"><span style=\"color: #c0504d; font-family: Comic Sans MS; font-size: small;\"><strong>Mit Gef\u00fchlen von Dankbarkeit \u2013 in Bezug auf Deinen bisherigen Einsatz &#8211; zum Wohle der Menschheit,<\/strong><\/span><\/p>\n<p align=\"center\"><span style=\"color: #c0504d; font-family: Comic Sans MS; font-size: small;\"><strong>begr\u00fc\u00dfen wir Dich, lieber Leser.<\/strong><\/span><\/p>\n<p align=\"center\"><span style=\"color: #c0504d; font-family: Comic Sans MS; font-size: small;\">Wir, das sind ANNA RAMONA Mayer und MARTINA SUSANNE Klein<\/span><\/p>\n<p align=\"center\"><span style=\"color: #c0504d; font-family: Comic Sans MS; font-size: small;\"><strong>Warum wir Dich ansprechen wollten?<\/strong><\/span><\/p>\n<p align=\"center\"><span style=\"color: #c0504d; font-family: Comic Sans MS; font-size: small;\">F\u00fcr uns geh\u00f6rst Du zu jenen Menschen, welche die Kraft und den Mut haben, zu Dem zu stehen, was sie erkennen konnten. Und zwar auch dann, wenn die Mitmenschen noch nicht erkennen konnten, warum die jeweilige \u00c4nderung zu ihrem Wohle beitragen w\u00fcrde<\/span><\/p>\n<p align=\"center\"><span style=\"color: #c0504d; font-family: Comic Sans MS; font-size: small;\"><strong>Wir wissen:<\/strong><\/span><\/p>\n<p align=\"center\"><span style=\"color: #c0504d; font-family: Comic Sans MS; font-size: small;\"><strong>W\u00fcrden auch unsere Mit-Menschen schon erkannt haben, welch umw\u00e4lzende Tragweite Sie &#8211; <\/strong><\/span><\/p>\n<p align=\"center\"><span style=\"color: #c0504d; font-family: Comic Sans MS; font-size: small;\"><strong>durch einen neuen Umgang mit der Dreiheit in unserer Sprache &#8211; f\u00fcr sich und zugleich die ganze Menschheit bewirken k\u00f6nnten, <\/strong><\/span><span style=\"color: #c0504d; font-family: Comic Sans MS; font-size: small;\"><strong>w\u00fcrden sie sich mit Begeisterung darum bem\u00fchen, <\/strong><\/span><\/p>\n<p align=\"center\"><span style=\"color: #c0504d; font-family: Comic Sans MS; font-size: small;\"><strong>bald zum\/zur SPRACHE DER EINHEIT-SPRECHER\/IN zu werden<\/strong><\/span><\/p>\n<p align=\"center\"><span style=\"color: #c0504d; font-family: Comic Sans MS; font-size: small;\">In unserem Ausbildungs-Angebot zum\/zur \u201eSPRACHE DER EINHEIT SPRECHER\/IN\u201c wird die Wirkung von der existierenden DREIHEIT in der Sprache und deren Umsetzungs- und Einsatz-M\u00f6glichkeit vermittelt. Die<\/span><\/p>\n<p align=\"center\"><span style=\"color: #c0504d; font-family: Comic Sans MS; font-size: small;\">\u201eSPRACHE DER EINHEIT\u201c zu sprechen, bewirkt auf erstaunliche Weise eine Neutralisierung \/ \u00c4nderung von disharmonischen Lebens-Umst\u00e4nden<\/span><\/p>\n<p align=\"center\"><span style=\"color: #c0504d; font-family: Comic Sans MS; font-size: small;\">Auf unserer Homepage g\u00e4be es weitere Informationen, durch welche Du erkennen k\u00f6nntest, ob auch Du es als wertvoll betrachten w\u00fcrdest, mehr von Deiner kostbaren Aufmerksamkeit darauf zu lenken<\/span><\/p>\n<p align=\"center\"><span style=\"color: #c0504d; font-family: Comic Sans MS; font-size: small;\">Es w\u00fcrde uns freudvolle Ehre sein, Dich dabei begleiten zu k\u00f6nnen \u2013 <\/span><\/p>\n<p align=\"center\"><span style=\"color: #c0504d; font-family: Comic Sans MS; font-size: small;\">SPRACHE DER EINHEIT SPRECHER\/IN zu werden<\/span><\/p>\n<p align=\"center\"><strong><span style=\"color: #c0504d; font-family: Comic Sans MS; font-size: small;\">Wir gr\u00fc\u00dfen Dich herzlich<\/span><\/strong><\/p>\n<p align=\"center\"><span style=\"color: #c0504d; font-family: Comic Sans MS; font-size: small;\"><strong>ANNA RAMONA Mayer MARTINA SUSANNE Klein<\/strong><\/span><\/p>\n<p align=\"center\"><strong><span style=\"font-family: Comic Sans MS; font-size: small;\"><strong><span style=\"font-family: Comic Sans MS; font-size: small;\"><a href=\"http:\/\/www.sprache-der-einheit.at\"><span style=\"color: #c0504d;\">www.sprache-der-einheit.at<\/span><\/a><\/span><\/strong><\/span><\/strong><\/p>\n","protected":false},"excerpt":{"rendered":"<p>Liebe Freunde, hier bitte ich um Eure Aufmerksamkeit f\u00fcr eine Nachricht von Anna Ramona Mayer und Martina Susanne Klein. Der Sinn dieser Art der Sprache ist die Zentrierung in der Gegenwart, indem vergangenes in der vollkommenen Vergangenheitsform gesprochen wird.<\/p>\n","protected":false},"author":8,"featured_media":0,"comment_status":"open","ping_status":"closed","sticky":false,"template":"","format":"standard","meta":[],"categories":[1],"tags":[],"_links":{"self":[{"href":"https:\/\/www.ener-gie.de\/index.php?rest_route=\/wp\/v2\/posts\/1169"}],"collection":[{"href":"https:\/\/www.ener-gie.de\/index.php?rest_route=\/wp\/v2\/posts"}],"about":[{"href":"https:\/\/www.ener-gie.de\/index.php?rest_route=\/wp\/v2\/types\/post"}],"author":[{"embeddable":true,"href":"https:\/\/www.ener-gie.de\/index.php?rest_route=\/wp\/v2\/users\/8"}],"replies":[{"embeddable":true,"href":"https:\/\/www.ener-gie.de\/index.php?rest_route=%2Fwp%2Fv2%2Fcomments&post=1169"}],"version-history":[{"count":4,"href":"https:\/\/www.ener-gie.de\/index.php?rest_route=\/wp\/v2\/posts\/1169\/revisions"}],"predecessor-version":[{"id":1173,"href":"https:\/\/www.ener-gie.de\/index.php?rest_route=\/wp\/v2\/posts\/1169\/revisions\/1173"}],"wp:attachment":[{"href":"https:\/\/www.ener-gie.de\/index.php?rest_route=%2Fwp%2Fv2%2Fmedia&parent=1169"}],"wp:term":[{"taxonomy":"category","embeddable":true,"href":"https:\/\/www.ener-gie.de\/index.php?rest_route=%2Fwp%2Fv2%2Fcategories&post=1169"},{"taxonomy":"post_tag","embeddable":true,"href":"https:\/\/www.ener-gie.de\/index.php?rest_route=%2Fwp%2Fv2%2Ftags&post=1169"}],"curies":[{"name":"wp","href":"https:\/\/api.w.org\/{rel}","templated":true}]}}